{"id":125,"date":"2021-07-24T16:39:00","date_gmt":"2021-07-24T14:39:00","guid":{"rendered":"http:\/\/elpoderdelasasociaciones.org\/laboheme\/?p=125"},"modified":"2021-12-08T18:26:11","modified_gmt":"2021-12-08T17:26:11","slug":"entrando-al-pirineo","status":"publish","type":"post","link":"https:\/\/elpoderdelasasociaciones.org\/laboheme\/2021\/07\/24\/entrando-al-pirineo\/","title":{"rendered":"Entrando al Pirineo"},"content":{"rendered":"\n<p>Parada en pleno Pirineo oriental en el camping de monta\u00f1a Deth-Potz, a 14 km de Cauterets, 1 hora del Col del Tourmalet y no muy lejos del Pie du Midi.<\/p>\n\n\n\n<p>Mi recuerdo. Nuestro primer peque\u00f1o accidente rozando la escalerilla de La Boheme con el borde vallado de la carretera y el enfado monumental de un lugare\u00f1o porque \u00edbamos muy r\u00e1pido.<\/p>\n\n\n\n<figure class=\"wp-block-gallery columns-3 is-cropped wp-block-gallery-1 is-layout-flex wp-block-gallery-is-layout-flex\"><ul class=\"blocks-gallery-grid\"><li class=\"blocks-gallery-item\"><figure><img loading=\"lazy\" decoding=\"async\" width=\"768\" height=\"1024\" src=\"http:\/\/elpoderdelasasociaciones.org\/laboheme\/wp-content\/uploads\/2021\/11\/IMG_6942-768x1024.jpg\" alt=\"\" data-id=\"126\" data-full-url=\"http:\/\/elpoderdelasasociaciones.org\/laboheme\/wp-content\/uploads\/2021\/11\/IMG_6942-scaled.jpg\" data-link=\"http:\/\/elpoderdelasasociaciones.org\/laboheme\/?attachment_id=126\" class=\"wp-image-126\" srcset=\"https:\/\/elpoderdelasasociaciones.org\/laboheme\/wp-content\/uploads\/2021\/11\/IMG_6942-768x1024.jpg 768w, https:\/\/elpoderdelasasociaciones.org\/laboheme\/wp-content\/uploads\/2021\/11\/IMG_6942-225x300.jpg 225w, https:\/\/elpoderdelasasociaciones.org\/laboheme\/wp-content\/uploads\/2021\/11\/IMG_6942-1152x1536.jpg 1152w, https:\/\/elpoderdelasasociaciones.org\/laboheme\/wp-content\/uploads\/2021\/11\/IMG_6942-1536x2048.jpg 1536w, https:\/\/elpoderdelasasociaciones.org\/laboheme\/wp-content\/uploads\/2021\/11\/IMG_6942-144x192.jpg 144w, https:\/\/elpoderdelasasociaciones.org\/laboheme\/wp-content\/uploads\/2021\/11\/IMG_6942-scaled.jpg 1920w\" sizes=\"auto, (max-width: 768px) 100vw, 768px\" \/><figcaption class=\"blocks-gallery-item__caption\">Misticismo<\/figcaption><\/figure><\/li><li class=\"blocks-gallery-item\"><figure><img loading=\"lazy\" decoding=\"async\" width=\"768\" height=\"1024\" src=\"http:\/\/elpoderdelasasociaciones.org\/laboheme\/wp-content\/uploads\/2021\/11\/IMG_6941-768x1024.jpg\" alt=\"\" data-id=\"127\" data-full-url=\"http:\/\/elpoderdelasasociaciones.org\/laboheme\/wp-content\/uploads\/2021\/11\/IMG_6941-scaled.jpg\" data-link=\"http:\/\/elpoderdelasasociaciones.org\/laboheme\/?attachment_id=127\" class=\"wp-image-127\" srcset=\"https:\/\/elpoderdelasasociaciones.org\/laboheme\/wp-content\/uploads\/2021\/11\/IMG_6941-768x1024.jpg 768w, https:\/\/elpoderdelasasociaciones.org\/laboheme\/wp-content\/uploads\/2021\/11\/IMG_6941-225x300.jpg 225w, https:\/\/elpoderdelasasociaciones.org\/laboheme\/wp-content\/uploads\/2021\/11\/IMG_6941-1152x1536.jpg 1152w, https:\/\/elpoderdelasasociaciones.org\/laboheme\/wp-content\/uploads\/2021\/11\/IMG_6941-1536x2048.jpg 1536w, https:\/\/elpoderdelasasociaciones.org\/laboheme\/wp-content\/uploads\/2021\/11\/IMG_6941-144x192.jpg 144w, https:\/\/elpoderdelasasociaciones.org\/laboheme\/wp-content\/uploads\/2021\/11\/IMG_6941-scaled.jpg 1920w\" sizes=\"auto, (max-width: 768px) 100vw, 768px\" \/><figcaption class=\"blocks-gallery-item__caption\">La planta de Pirineos<\/figcaption><\/figure><\/li><li class=\"blocks-gallery-item\"><figure><img loading=\"lazy\" decoding=\"async\" width=\"768\" height=\"1024\" src=\"http:\/\/elpoderdelasasociaciones.org\/laboheme\/wp-content\/uploads\/2021\/11\/IMG_6939-768x1024.jpg\" alt=\"\" data-id=\"128\" data-full-url=\"http:\/\/elpoderdelasasociaciones.org\/laboheme\/wp-content\/uploads\/2021\/11\/IMG_6939-scaled.jpg\" data-link=\"http:\/\/elpoderdelasasociaciones.org\/laboheme\/?attachment_id=128\" class=\"wp-image-128\" srcset=\"https:\/\/elpoderdelasasociaciones.org\/laboheme\/wp-content\/uploads\/2021\/11\/IMG_6939-768x1024.jpg 768w, https:\/\/elpoderdelasasociaciones.org\/laboheme\/wp-content\/uploads\/2021\/11\/IMG_6939-225x300.jpg 225w, https:\/\/elpoderdelasasociaciones.org\/laboheme\/wp-content\/uploads\/2021\/11\/IMG_6939-1152x1536.jpg 1152w, https:\/\/elpoderdelasasociaciones.org\/laboheme\/wp-content\/uploads\/2021\/11\/IMG_6939-1536x2048.jpg 1536w, https:\/\/elpoderdelasasociaciones.org\/laboheme\/wp-content\/uploads\/2021\/11\/IMG_6939-144x192.jpg 144w, https:\/\/elpoderdelasasociaciones.org\/laboheme\/wp-content\/uploads\/2021\/11\/IMG_6939-scaled.jpg 1920w\" sizes=\"auto, (max-width: 768px) 100vw, 768px\" \/><figcaption class=\"blocks-gallery-item__caption\">Desde la alturas<\/figcaption><\/figure><\/li><li class=\"blocks-gallery-item\"><figure><img loading=\"lazy\" decoding=\"async\" width=\"1024\" height=\"768\" src=\"http:\/\/elpoderdelasasociaciones.org\/laboheme\/wp-content\/uploads\/2021\/11\/IMG_6935-1024x768.jpg\" alt=\"\" data-id=\"129\" data-full-url=\"http:\/\/elpoderdelasasociaciones.org\/laboheme\/wp-content\/uploads\/2021\/11\/IMG_6935-scaled.jpg\" data-link=\"http:\/\/elpoderdelasasociaciones.org\/laboheme\/?attachment_id=129\" class=\"wp-image-129\" srcset=\"https:\/\/elpoderdelasasociaciones.org\/laboheme\/wp-content\/uploads\/2021\/11\/IMG_6935-1024x768.jpg 1024w, https:\/\/elpoderdelasasociaciones.org\/laboheme\/wp-content\/uploads\/2021\/11\/IMG_6935-300x225.jpg 300w, https:\/\/elpoderdelasasociaciones.org\/laboheme\/wp-content\/uploads\/2021\/11\/IMG_6935-768x576.jpg 768w, https:\/\/elpoderdelasasociaciones.org\/laboheme\/wp-content\/uploads\/2021\/11\/IMG_6935-1536x1152.jpg 1536w, https:\/\/elpoderdelasasociaciones.org\/laboheme\/wp-content\/uploads\/2021\/11\/IMG_6935-2048x1536.jpg 2048w, https:\/\/elpoderdelasasociaciones.org\/laboheme\/wp-content\/uploads\/2021\/11\/IMG_6935-2000x1500.jpg 2000w, https:\/\/elpoderdelasasociaciones.org\/laboheme\/wp-content\/uploads\/2021\/11\/IMG_6935-192x144.jpg 192w\" sizes=\"auto, (max-width: 1024px) 100vw, 1024px\" \/><figcaption class=\"blocks-gallery-item__caption\">Hielo en julio<\/figcaption><\/figure><\/li><li class=\"blocks-gallery-item\"><figure><img loading=\"lazy\" decoding=\"async\" width=\"768\" height=\"1024\" src=\"http:\/\/elpoderdelasasociaciones.org\/laboheme\/wp-content\/uploads\/2021\/11\/IMG_6934-768x1024.jpg\" alt=\"\" data-id=\"130\" data-full-url=\"http:\/\/elpoderdelasasociaciones.org\/laboheme\/wp-content\/uploads\/2021\/11\/IMG_6934-scaled.jpg\" data-link=\"http:\/\/elpoderdelasasociaciones.org\/laboheme\/?attachment_id=130\" class=\"wp-image-130\" srcset=\"https:\/\/elpoderdelasasociaciones.org\/laboheme\/wp-content\/uploads\/2021\/11\/IMG_6934-768x1024.jpg 768w, https:\/\/elpoderdelasasociaciones.org\/laboheme\/wp-content\/uploads\/2021\/11\/IMG_6934-225x300.jpg 225w, https:\/\/elpoderdelasasociaciones.org\/laboheme\/wp-content\/uploads\/2021\/11\/IMG_6934-1152x1536.jpg 1152w, https:\/\/elpoderdelasasociaciones.org\/laboheme\/wp-content\/uploads\/2021\/11\/IMG_6934-1536x2048.jpg 1536w, https:\/\/elpoderdelasasociaciones.org\/laboheme\/wp-content\/uploads\/2021\/11\/IMG_6934-144x192.jpg 144w, https:\/\/elpoderdelasasociaciones.org\/laboheme\/wp-content\/uploads\/2021\/11\/IMG_6934-scaled.jpg 1920w\" sizes=\"auto, (max-width: 768px) 100vw, 768px\" \/><figcaption class=\"blocks-gallery-item__caption\">Recuerdo de Cauterets<\/figcaption><\/figure><\/li><li class=\"blocks-gallery-item\"><figure><img loading=\"lazy\" decoding=\"async\" width=\"768\" height=\"1024\" src=\"http:\/\/elpoderdelasasociaciones.org\/laboheme\/wp-content\/uploads\/2021\/11\/IMG_6932-768x1024.jpg\" alt=\"\" data-id=\"131\" data-full-url=\"http:\/\/elpoderdelasasociaciones.org\/laboheme\/wp-content\/uploads\/2021\/11\/IMG_6932-scaled.jpg\" data-link=\"http:\/\/elpoderdelasasociaciones.org\/laboheme\/?attachment_id=131\" class=\"wp-image-131\" srcset=\"https:\/\/elpoderdelasasociaciones.org\/laboheme\/wp-content\/uploads\/2021\/11\/IMG_6932-768x1024.jpg 768w, https:\/\/elpoderdelasasociaciones.org\/laboheme\/wp-content\/uploads\/2021\/11\/IMG_6932-225x300.jpg 225w, https:\/\/elpoderdelasasociaciones.org\/laboheme\/wp-content\/uploads\/2021\/11\/IMG_6932-1152x1536.jpg 1152w, https:\/\/elpoderdelasasociaciones.org\/laboheme\/wp-content\/uploads\/2021\/11\/IMG_6932-1536x2048.jpg 1536w, https:\/\/elpoderdelasasociaciones.org\/laboheme\/wp-content\/uploads\/2021\/11\/IMG_6932-144x192.jpg 144w, https:\/\/elpoderdelasasociaciones.org\/laboheme\/wp-content\/uploads\/2021\/11\/IMG_6932-scaled.jpg 1920w\" sizes=\"auto, (max-width: 768px) 100vw, 768px\" \/><figcaption class=\"blocks-gallery-item__caption\">Bienvenidos al Oeste<\/figcaption><\/figure><\/li><li class=\"blocks-gallery-item\"><figure><img loading=\"lazy\" decoding=\"async\" width=\"768\" height=\"1024\" src=\"http:\/\/elpoderdelasasociaciones.org\/laboheme\/wp-content\/uploads\/2021\/11\/IMG_6930-768x1024.jpg\" alt=\"\" data-id=\"132\" data-full-url=\"http:\/\/elpoderdelasasociaciones.org\/laboheme\/wp-content\/uploads\/2021\/11\/IMG_6930-scaled.jpg\" data-link=\"http:\/\/elpoderdelasasociaciones.org\/laboheme\/?attachment_id=132\" class=\"wp-image-132\" srcset=\"https:\/\/elpoderdelasasociaciones.org\/laboheme\/wp-content\/uploads\/2021\/11\/IMG_6930-768x1024.jpg 768w, https:\/\/elpoderdelasasociaciones.org\/laboheme\/wp-content\/uploads\/2021\/11\/IMG_6930-225x300.jpg 225w, https:\/\/elpoderdelasasociaciones.org\/laboheme\/wp-content\/uploads\/2021\/11\/IMG_6930-1152x1536.jpg 1152w, https:\/\/elpoderdelasasociaciones.org\/laboheme\/wp-content\/uploads\/2021\/11\/IMG_6930-1536x2048.jpg 1536w, https:\/\/elpoderdelasasociaciones.org\/laboheme\/wp-content\/uploads\/2021\/11\/IMG_6930-144x192.jpg 144w, https:\/\/elpoderdelasasociaciones.org\/laboheme\/wp-content\/uploads\/2021\/11\/IMG_6930-scaled.jpg 1920w\" sizes=\"auto, (max-width: 768px) 100vw, 768px\" \/><figcaption class=\"blocks-gallery-item__caption\">Pirineos en estado puro<\/figcaption><\/figure><\/li><\/ul><figcaption class=\"blocks-gallery-caption\">Detalles de Pirineos<\/figcaption><\/figure>\n\n\n\n<p><\/p>\n","protected":false},"excerpt":{"rendered":"<p>Parada en pleno Pirineo oriental en el camping de monta\u00f1a Deth-Potz, a 14 km de Cauterets, 1 hora del Col del Tourmalet y no muy lejos del Pie du Midi. Mi recuerdo. Nuestro primer peque\u00f1o accidente rozando la escalerilla de La Boheme con el borde vallado de la carretera y el enfado monumental de un &hellip; <a href=\"https:\/\/elpoderdelasasociaciones.org\/laboheme\/2021\/07\/24\/entrando-al-pirineo\/\" class=\"more-link\">Contin\u00faa leyendo <span class=\"screen-reader-text\">Entrando al Pirineo<\/span><\/a><\/p>\n","protected":false},"author":1,"featured_media":132,"comment_status":"open","ping_status":"open","sticky":false,"template":"","format":"standard","meta":{"footnotes":""},"categories":[4],"tags":[],"class_list":["post-125","post","type-post","status-publish","format-standard","has-post-thumbnail","hentry","category-ruta-1"],"_links":{"self":[{"href":"https:\/\/elpoderdelasasociaciones.org\/laboheme\/wp-json\/wp\/v2\/posts\/125","targetHints":{"allow":["GET"]}}],"collection":[{"href":"https:\/\/elpoderdelasasociaciones.org\/laboheme\/wp-json\/wp\/v2\/posts"}],"about":[{"href":"https:\/\/elpoderdelasasociaciones.org\/laboheme\/wp-json\/wp\/v2\/types\/post"}],"author":[{"embeddable":true,"href":"https:\/\/elpoderdelasasociaciones.org\/laboheme\/wp-json\/wp\/v2\/users\/1"}],"replies":[{"embeddable":true,"href":"https:\/\/elpoderdelasasociaciones.org\/laboheme\/wp-json\/wp\/v2\/comments?post=125"}],"version-history":[{"count":3,"href":"https:\/\/elpoderdelasasociaciones.org\/laboheme\/wp-json\/wp\/v2\/posts\/125\/revisions"}],"predecessor-version":[{"id":135,"href":"https:\/\/elpoderdelasasociaciones.org\/laboheme\/wp-json\/wp\/v2\/posts\/125\/revisions\/135"}],"wp:featuredmedia":[{"embeddable":true,"href":"https:\/\/elpoderdelasasociaciones.org\/laboheme\/wp-json\/wp\/v2\/media\/132"}],"wp:attachment":[{"href":"https:\/\/elpoderdelasasociaciones.org\/laboheme\/wp-json\/wp\/v2\/media?parent=125"}],"wp:term":[{"taxonomy":"category","embeddable":true,"href":"https:\/\/elpoderdelasasociaciones.org\/laboheme\/wp-json\/wp\/v2\/categories?post=125"},{"taxonomy":"post_tag","embeddable":true,"href":"https:\/\/elpoderdelasasociaciones.org\/laboheme\/wp-json\/wp\/v2\/tags?post=125"}],"curies":[{"name":"wp","href":"https:\/\/api.w.org\/{rel}","templated":true}]}}